{"id":3621,"date":"2015-12-01T20:00:03","date_gmt":"2015-12-01T19:00:03","guid":{"rendered":"http:\/\/www.marc-weiherhof.ch\/blog\/?p=3621"},"modified":"2017-09-08T21:50:14","modified_gmt":"2017-09-08T19:50:14","slug":"quetsch-den-marc-grosses-autoreninterview-die-antworten","status":"publish","type":"post","link":"https:\/\/www.marc-weiherhof.ch\/blog\/quetsch-den-marc-grosses-autoreninterview-die-antworten\/","title":{"rendered":"Quetsch den Marc: Gro\u00dfes Autoreninterview (die Antworten)"},"content":{"rendered":"<p><img loading=\"lazy\" decoding=\"async\" class=\"so-widget-image\" style=\"height: auto; display: block; max-width: 100%;\" src=\"https:\/\/www.marc-weiherhof.ch\/blog\/wp-content\/uploads\/marcinside.png\" alt=\"\" width=\"900\" height=\"809\" \/><\/p>\n<h2 style=\"text-align: justify;\">Quetsch den Marc: Gro\u00dfes Autoreninterview (die Antworten)<\/h2>\n<p style=\"text-align: justify;\">Ich danke euch allen, dass ihr an diesem Interview teilgenommen habt und mir so viele tolle Fragen gestellt habt. Es hat sehr viel Spa\u00df gemacht, sie zu beantworten und ich hoffe, dass ihr einige neue Dinge \u00fcber mich erfahren k\u00f6nnt. Danke f\u00fcr ein Feedback.<\/p>\n<p style=\"text-align: justify;\">Nicole: Wann k\u00f6nnen wir mit einen neuen Roman rechnen?<\/p>\n<p style=\"text-align: justify; padding-left: 30px;\"><strong>Marc: Du Buchs\u00fcchtige, das ist ja wahnsinnig. Da kannst du als Autor schreiben, dein Herzblut in eine Story stecken, monate-, jahrelang daran arbeiten und die Leserinnen haben es in ein paar Stunden gelesen und verlangen nach mehr. Das treibt mir Tr\u00e4nen in die Augen. *sniff | Ironie.wegschiebt* <\/strong><\/p>\n<p style=\"text-align: justify; padding-left: 30px;\"><strong>Mein neuer Roman erscheint sp\u00e4testens im Sommer 2016. Hm &#8230; das war die Antwort deine Frage, aber irgendwie ist das noch nicht zufriedenstellen, oder? Es wird eine Story sein, die ich schon vor zwei Jahren beendet habe. Die werde ich komplett \u00fcberarbeiten und als Self Publish bis sp\u00e4testens im Sommer herausbringen. Ihr d\u00fcrft gespannt sein. Es geht um den Kampf eines jungen Mannes, der gegen die illegale Chemiem\u00fclldeponie auf seinem Grundst\u00fcck k\u00e4mpft und dabei einiges aufs Spiel setzt und verliert. <\/strong><\/p>\n<p style=\"text-align: justify;\">Nicole: In deinen KG geht es ja manchmal hei\u00df her. Wenn du das schreibst und danach nochmal liest, was geht dir da im Kopf rum? Denkst du dich selber in die Rolle oder ist es wie ein Film, den du schaust?<\/p>\n<p style=\"text-align: justify; padding-left: 30px;\"><strong>Marc: Oh ja, jetzt wird es pers\u00f6nlich. Hihi. Hm &#8230; nein, ich sehe mich nicht selbst. Es ist mehr wie ein Film, den ich mir so zusammenstelle, dass er mir gef\u00e4llt. Da verrate ich jetzt schon sehr viel, aber es ist ja klar, dass mir die Sachen selbst gefallen, die ich schreibe, oder? Egal ob die Handlung oder der Sex. Au\u00dferdem geht es auch in den B\u00fcchern hei\u00df her, das m\u00f6chte ich noch erw\u00e4hnen &#8230; <\/strong><\/p>\n<p style=\"text-align: justify;\">Nicole: Und mit welchem Prota (nur aus den Romanen) hast du viele Gemeinsamkeiten?<\/p>\n<p style=\"text-align: justify; padding-left: 30px;\"><strong>Marc: Warum nur aus den Romanen? Hm &#8230; ich denke, dass in jedem meiner Protas etwas von mir steckt. Silvan ist der famili\u00e4re Businessman, der bei der Bedrohung seiner Liebsten \u00fcber sich hinausw\u00e4chst. Xaver ist verw\u00f6hnt, w\u00e4chst aber an der Herausforderung und packt sein Leben mit voller Reife an. Sebastian liebt seine Haare und pflegt ein inniges Verh\u00e4ltnis zu seiner Mutter. Korvin k\u00e4mpft f\u00fcr seine \u00dcberzeugungen, seine Einstellungen und l\u00e4sst sich dabei nicht beirren. Irgendwie steckt in jedem Prota, den ich erschaffe etwas von mir genauso, wie ich gewisse Dinge, die mir im Leben passiert sind, in den B\u00fcchern verarbeite. <\/strong><\/p>\n<p style=\"text-align: justify;\">Diana: Wie h\u00e4ltst du deine Muse bei Laune?<\/p>\n<p style=\"text-align: justify; padding-left: 30px;\"><strong>Marc: Ja, diese Muse. Die ist in letzter Zeit ziemlich schwerf\u00e4llig und manchmal habe ich das Gef\u00fchl, dass sie schwer angeschlagen oder halbtot ist. Meistens ist es so, dass wenn ich mir selbst Druck mache, gar nix mehr geht. Das Beste ist, wenn ich bei Lust und Laune schreibe und mich nicht auf eine Deadline fixiere. Dann sprudeln die Worte nur so aus mir heraus, wie heute der Tribut\u00a0f\u00fcr das\u00a0\u201aSchoggist\u00e4ngeli\u2018. <\/strong><\/p>\n<p style=\"text-align: justify;\">Diana: Hat dich die Ver\u00f6ffentlichung deiner ersten Geschichte\/Buch gro\u00dfe \u00dcberwindung gekostet?<\/p>\n<p style=\"text-align: justify; padding-left: 30px;\"><strong>Marc: Ja, das hat sie. Am Anfang war alles neu f\u00fcr mich und ich war mir nicht sicher, wie meine Geschichte bei einem Verlag und bei den potentiellen Leserinnen ankommt. M\u00f6gen sie meinen Stil? Die Geschichte? Ist der Sex zu direkt? Zu kurz? Zu lang? Sind die Figuren greifbar? Merkt man mir das Schweizerische an? Fragen \u00fcber Fragen. Ich habe lange mit mir gehadert, bis ich es einfach getan und sie an einen Verlag geschickt habe \u2013 auch dank der Zuspr\u00fcche meines Partners und meiner besten Freundin, die das erste Buch lektoriert hat. <\/strong><\/p>\n<p style=\"text-align: justify; padding-left: 30px;\"><strong>Lustig ist auch, dass \u201aDas Verm\u00e4chtnis des Unbekannten\u2018 das erste Buch ist, das ich \u00fcberhaupt je zu Ende geschrieben habe. Ich konnte das Gl\u00fcck gar nicht fassen, als ich das \u201aGo\u2018 vom Verlag erhalten habe. Wahnsinniges Gef\u00fchl. Der Beginn eines neuen Kapitels in meinem Leben. <\/strong><\/p>\n<p style=\"text-align: justify;\">Diana: Wenn du ein Tag jemand anders sein k\u00f6nntest, wer w\u00e4rst du gern und warum?<\/p>\n<p style=\"text-align: justify; padding-left: 30px;\"><strong>Marc: Wenn ich einen Tag jemand anders sein k\u00f6nnte, m\u00f6chte ich ein Mensch sein, der offener kommuniziert, der auf Menschen zugeht und der sich nicht immer fragt, wie er wohl auf andere wirkt. <\/strong><\/p>\n<p style=\"text-align: justify;\">Mana: F\u00e4hrst du Ski? Falls ja, wo am liebsten?<\/p>\n<p style=\"text-align: justify; padding-left: 30px;\"><strong>Marc: Ja, fahre ich. Aber ich muss zugeben, dass es jetzt auch schon einige Jahre her ist, als ich das letzte Mal auf Ski stand. Warum? Die Zeit, das Geld, Faulheit? Dabei habe ich das immer sehr gern gemacht, lieber als alle anderen Sportarten. Wo? Na in den Schweizer Bergen, nat\u00fcrlich. Wo denn sonst? <\/strong><\/p>\n<p style=\"text-align: justify;\">Mana: Lieblings-Schoki<\/p>\n<p style=\"text-align: justify; padding-left: 30px;\"><strong>Marc: Ich wei\u00df, dass dich das jetzt entt\u00e4uschen wird: Ich habe gar nicht so gern Schoggi. Und wenn habe ich am liebsten die Osterhasenschoggi von der Migros (CH Einzelh\u00e4ndler). Die Wei\u00dfe- und die Milchschoggi. <\/strong><\/p>\n<p style=\"text-align: justify;\">Mana: Gr\u00f6\u00dfter modischer Fehlgriff?<\/p>\n<p style=\"text-align: justify; padding-left: 30px;\"><strong>Marc: Oh, jetzt muss ich aber lange Gr\u00fcbeln. Hm &#8230; wie w\u00e4re es mit Jeanslatzhosen? Das sah schon witzig aus. Und nein, es gibt kein Foto davon, und wenn es eines g\u00e4be, w\u00fcrde ich es verbrennen lassen, bzw. es st\u00fcnde unter strengster Sicherheitsverwahrung. <\/strong><\/p>\n<p style=\"text-align: justify;\">Mana: Welche f\u00fcnf Dinge w\u00fcrdest du auf eine einsame Insel mitnehmen?<\/p>\n<p style=\"text-align: justify; padding-left: 30px;\"><strong>Marc: Mein iPhone (Ja! Apple-J\u00fcnger, aber nur beim Tablet und beim Handy), damit habe ich sowohl Musik, als auch meine B\u00fccher dabei. Einen Sonnenschirm, Getr\u00e4nke, Essen und ein Bild von meinen Liebsten.<\/strong><\/p>\n<p style=\"text-align: justify;\">Mana: Welche noch lebende oder evtl. auch schon verstorbene Person bewunderst du am meisten und warum?<\/p>\n<p style=\"text-align: justify; padding-left: 30px;\"><strong>Marc: Meine Eltern. Sie sind meine Quellen endloser Weisheit, uneingeschr\u00e4nkten Beistands und nie enden wollender Liebe. Sie\u00a0haben mich zu dem gemacht, was ich heute bin,\u00a0haben mir gezeigt, was Richtig und was Falsch ist und haben nie aufgeh\u00f6rt an mich zu glauben oder mich zu lieben. <\/strong><\/p>\n<p style=\"text-align: justify;\">Irina: Wo schreibst du am liebsten?<\/p>\n<p style=\"text-align: justify; padding-left: 30px;\"><strong>Marc: An meinem Computer, der in meinem B\u00fcro steht. Ganz einfach. Obwohl es viele als toll empfinden, drau\u00dfen in der freien Natur zu schreiben, muss ich sagen, dass das Licht im B\u00fcro am besten ist. Es ist ruhig, es gibt Musik, ich kann mein Getr\u00e4nk abstellen und mir jederzeit was zu Futtern holen. Hihi. <\/strong><\/p>\n<p style=\"text-align: justify;\">Irina: Was machst du, wenn es mal nicht so l\u00e4uft, mit dem Schreiben?<\/p>\n<p style=\"text-align: justify; padding-left: 30px;\"><strong>Marc: So wie jetzt? Dann schmolle ich meine Muse zu Tode und hoffe, dass sie sich bald wieder erholt. Ich schwenke mein Augenmerk vermehrt auf Marketingaktivit\u00e4ten und ganz wichtig, auf meine Leserinnen. Der Kontakt mit euch ist mir sehr wichtig und ich hoffe, dass ihr das auch merkt. <\/strong><\/p>\n<p style=\"text-align: justify;\">Gertraud: Was ist deine Lieblingsspeise?<\/p>\n<p style=\"text-align: justify; padding-left: 30px;\"><strong>Marc: Ich liebe panierte Schnitzel mit Pommes Frites. Tja, was soll ich sagen? Ist einfach so, kann ich nicht \u00e4ndern und wei\u00dft du was? Will ich auch gar nicht. \u00a0<\/strong><\/p>\n<p style=\"text-align: justify;\">Gertraud: Wann schreibst du deine B\u00fccher?<\/p>\n<p style=\"text-align: justify; padding-left: 30px;\"><strong>Marc: Meistens schreibe ich w\u00e4hrend der Mittagspause an meinen Geschichten. Wenn mir w\u00e4hrend des Arbeitens was einf\u00e4llt, dann notiere ich es und setze am Mittag genau da an. So leidet unser Privatleben nicht darunter \u2013 wenn mein Mann hier auch lautstark protestieren w\u00fcrde. <\/strong><\/p>\n<p style=\"text-align: justify;\">Tirsi: Wenn dir Santa Claus ein leeres Buch bringen w\u00fcrde und dein Geschenk w\u00e4re, du darfst eine Geschichte deiner Wahl in dieses Buch schreiben. Der Haken daran, wenn es eine Geschichte aus deiner Fantasie ist, wird sie am Ende f\u00fcr die ganze Welt real. Wenn es eine Geschichte ist die einen Traum von dir erz\u00e4hlt, dann wird sie nur f\u00fcr dich real. W\u00fcrdest du das Geschenk annehmen und wenn ja, was w\u00fcrdest du schreiben wollen?<\/p>\n<p style=\"text-align: justify; padding-left: 30px;\"><strong>Marc: Hm \u2026 schwierige Frage. Spontan w\u00fcrde ich Ja antworten. Aber die Verantwortung f\u00fcr die gesamte Menschheit will ich nicht tragen. Daf\u00fcr ist mein R\u00fccken nicht breit genug. Oder doch? Ich tr\u00e4ume von Gleichberechtigung f\u00fcr gleichgeschlechtliche Paare. Wir wollen anerkannt und respektiert werden. Ich m\u00f6chte mit meinem Mann eine Familie gr\u00fcnden und dies auch rechtlich absichern. Wir wollen Blutspenden und Kinder adoptieren. Also erz\u00e4hle ich in Santas Buch die Geschichte eines schwulen Paars, das ein Kind adoptiert und so wird es f\u00fcr die ganze Welt real. So werden gleichgeschlechtliche Paare in der Gesellschaft gleichgestellt und akzeptiert. Das ist doch ein guter Plan, oder?<\/strong><\/p>\n<p style=\"text-align: justify;\">Tirsi: Dr Dolittle geht in Rente und zieht sich in die Wildnis zur\u00fcck. Zuvor teilt er seine Gabe, mit den Tieren sprechen zu k\u00f6nnen, noch mit einigen Menschen. Du geh\u00f6rst zu dieser ausgew\u00e4hlten Gruppe dazu und darfst dir 4 Tierarten aussuchen deren Sprache du sprechen und verstehen willst \u2026 und die dann auch immer in deiner n\u00e4heren Umgebung w\u00e4ren. Welche 4 Tierarten w\u00e4ren das?<\/p>\n<p style=\"text-align: justify; padding-left: 30px;\"><strong>Marc: Als erstes nat\u00fcrlich Katzen. Da haben wir ja selbst zwei. Ich w\u00fcrde gerne h\u00f6ren, was sie zu sagen haben. Was steckt hinter dem Mauzen unseres Weibchens und warum pisst der Kater scheinbar wahllos drauflos? Als zweite Spezies Hunde. Meine Eltern haben einen und ich liebe Hunde, also m\u00f6chte ich erfahren, was sie \u00fcber uns Menschen denken. Als drittes m\u00f6chte ich mit Spinnen kommunizieren k\u00f6nnen. Warum? Ganz einfach. Ich hasse die Biester und so kann ich ihnen schon vor dem Betreten unserer Wohnung sagen, dass sie sich verziehen sollen. Hihi. Und schlie\u00dflich: Wespen. Nervige kleine Biester, die uns regelm\u00e4\u00dfig ein Grillfest zur H\u00f6lle machen. Wenn ich mit ihnen einen Vertrag aushandeln k\u00f6nnte, w\u00e4ren wir in Zukunft ungest\u00f6rt. <\/strong><\/p>\n<p style=\"text-align: justify;\">Nicole: Marc k\u00f6nntest du dir auch vorstellen in ein anderes Genre einzusteigen und wenn in welches?<\/p>\n<p style=\"text-align: justify; padding-left: 30px;\"><strong>Marc: Ein anderes Genre als \u201aGay\u2018? Oder ein anderes Genre als Crime\/Thrill? Ich werde wohl nie was anderes als Gay schreiben und wenn, dann nur B\u00fccher, in denen keine Liebesgeschichte vorkommt. Warum? Ich als schwuler Mann m\u00f6chte in meinen B\u00fcchern die schwule Liebe zelebrieren und den Menschen n\u00e4her bringen. Dann wird es vielleicht eines Tages \u201anormal\u2018. <\/strong><\/p>\n<p style=\"text-align: justify; padding-left: 30px;\"><strong>Und nat\u00fcrlich versuche ich mich in vielen Genres. Ich habe Romance geschrieben, bin nun beim Humor angelangt und n\u00e4chstes Jahr erscheint mein erstes kurzes BDSM-Abenteuer. Ach ja und am Schreiben bin ich an einer Gestaltwandlergeschichte. Du siehst also, liebe Nicole, dass ich mich in verschiedenen Genres versuche. <\/strong><\/p>\n<p style=\"text-align: justify;\">Nicole: Wie ist es mit deinen KG (Kurzgeschichten) kann es da noch zu Fortsetzungen kommen? Vielleicht sogar in Romanl\u00e4nge?<\/p>\n<p style=\"text-align: justify; padding-left: 30px;\"><strong>Marc: Nein, das denke ich nicht. Aber ich kann mir durchaus vorstellen, dass es weitere Kurzgeschichten einzelner Protas geben k\u00f6nnte. Das Problem ist halt, dass ich irgendwie B\u00fccher nur mit Krimi und Thriller-Inhalt f\u00fcllen kann. Ein ganzes Buch mit Love und Romance? Hm \u2026 wei\u00df nicht. Irgendwie liegt mir das einfach nicht so. <\/strong><\/p>\n<p style=\"text-align: justify;\">Nicole: Bist du die Nacht schon mal aufgewacht und musstest unbedingt schreiben oder schreibst du einfach drauf los?<\/p>\n<p style=\"text-align: justify; padding-left: 30px;\"><strong>Marc: Das ist mir noch nie passiert. Zum Gl\u00fcck \u2013 schlie\u00dflich brauche ich meinen Sch\u00f6nheitsschlaf. Aber es kommt ab und an vor, dass ich wach im Bett liege und einfach keinen Schlaf finde, weil ich an einer Story herumdenke, die ich gerne schreiben w\u00fcrde. Wenn ich es dann nicht in mein Handy tippe, habe ich es am Morgen wieder vergessen. Das Alter ist grausam. <\/strong><\/p>\n<p style=\"text-align: justify;\">Kimberly: Was f\u00fcr Romane schreibst du?<\/p>\n<p style=\"text-align: justify; padding-left: 30px;\"><strong>Marc: Ich schreibe Gay-Romane. Haupts\u00e4chlich in den Genres Crime\/Thrill, aber auch Romance, Erotik und andere Genres werden von mir bedient. <\/strong><\/p>\n<p style=\"text-align: justify;\">Kimberly: Und wie lange schreibst du schon?<\/p>\n<p style=\"text-align: justify; padding-left: 30px;\"><strong>Marc: Es sind jetzt ungef\u00e4hr zwei Jahre. Ich habe zwar schon immer gern geschrieben, aber dass ich ein ganzes Buch geschrieben habe, ist jetzt zwei Jahre her und seit diesem Zeitpunkt hat mich das Schreibfieber gepackt. <\/strong><\/p>\n<p style=\"text-align: justify;\"><strong>\u00a0<\/strong><\/p>\n<p style=\"text-align: justify;\">Cardon: Schreibst du nur &#8222;gay&#8220;?<\/p>\n<p style=\"text-align: justify; padding-left: 30px;\"><strong>Marc: Ja. Und das wird wohl auch so bleiben. Mein Vater bekniet mich zwar, dass ich einen \u201anormalen\u2018 Roman schreibe, weil er sagt, dass ich dann viel mehr Leser h\u00e4tte \u2013 das stimmt zweifellos \u2013 aber das w\u00e4re nicht ich, bzw. es w\u00fcrde etwas fehlen. \u00a0<\/strong><\/p>\n<p style=\"text-align: justify;\"><strong>\u00a0<\/strong><\/p>\n<p style=\"text-align: justify;\">Jenny: Welche W\u00fcnsche oder Ziele hast du f\u00fcr die n\u00e4chsten Jahre?<\/p>\n<p style=\"text-align: justify; padding-left: 30px;\"><strong>Marc: Gute Frage \u2026 ich wei\u00df es gar nicht so genau. Reisen? Einen erf\u00fcllenden Job? Aber eigentlich w\u00fcnsche ich mir nur, dass meine Lieben und ich gl\u00fccklich und gesund bleiben. Und vielleicht, dass mein Mann und ich unsere Liebe einem Kind weitergeben k\u00f6nnen \u2026 <\/strong><\/p>\n<p style=\"text-align: justify;\">Jenny: Du gewinnst im Lotto \u2013 was w\u00fcrdest du mit einem hohen Betrag kaufen?<\/p>\n<p style=\"text-align: justify; padding-left: 30px;\"><strong>Marc: Ich w\u00fcrde meine Eltern finanziell absichern und all die kleinen W\u00fcnschen erf\u00fcllen, die mein Mann und ich schon so lange haben. Und ich w\u00fcrde aufh\u00f6ren zu arbeiten und nur noch schreiben. Aber den Gro\u00dfteil des Geldes w\u00fcrde ich auf ein Konto legen. Banker durch und durch, was? Hihi. <\/strong><\/p>\n<p style=\"text-align: justify;\">Jenny: Was geht gar nicht und kannst du nicht verzeihen?<\/p>\n<p style=\"text-align: justify; padding-left: 30px;\"><strong>Marc: Wenn man mich bel\u00fcgt und ein falsches Spiel mit mir treibt. Finde ich sowas raus, entt\u00e4uscht mich das so sehr, dass ich mich komplett von der Person zur\u00fcckziehe und im stillen K\u00e4mmerchen Rachepl\u00e4ne hege, die ich dann wieder verwerfe, weil ich zu lieb bin. *g*<\/strong><\/p>\n<p style=\"text-align: justify;\">Liah: Was war das Sch\u00f6nste, das du bisher erlebt hast?<\/p>\n<p style=\"text-align: justify; padding-left: 30px;\"><strong>Marc: Das war als wir unsere Katzen aus dem Tierheim geholt haben, sie im Badezimmer \u201aausgesetzt\u2018 haben und Kiwi nach f\u00fcnf Minuten schnurrend ins Wohnzimmer stampfte, sich an uns schmiegte und sich Zuhause f\u00fchlte \u2013 das Katerchen folgte ihr wenig sp\u00e4ter (M\u00e4nner brauchen halt immer etwas l\u00e4nger). Das war der Beginn von viel Z\u00e4rtlichkeiten, Schmeichel- und Streicheleinheiten. <\/strong><\/p>\n<p style=\"text-align: justify;\">Liah: Wo m\u00f6chtest du in f\u00fcnf Jahren stehen?<\/p>\n<p style=\"text-align: justify; padding-left: 30px;\"><strong>Marc: Ich h\u00e4tte gerne einen Job, der mich erf\u00fcllt, mir Spa\u00df macht und mich fordert. Zudem m\u00f6chte ich weiterschreiben und ganz viele, tolle neue Fans und Leserinnen ansprechen. <\/strong><\/p>\n<p style=\"text-align: justify;\">Liah: Was in deinem Leben macht dich stolz?<\/p>\n<p style=\"text-align: justify; padding-left: 30px;\"><strong>Marc: Die best\u00e4ndige Liebe zu meinem Mann, unser gemeinsames Leben und das, was ich mit meinen B\u00fcchern bisher erreicht habe. <\/strong><\/p>\n<p style=\"text-align: justify;\">Liah: Bist du ein Fr\u00fchaufsteher oder Morgenmuffel?<\/p>\n<p style=\"text-align: justify; padding-left: 30px;\"><strong>Marc: Morgenmuffel durch und durch. Da ich keinen Kaffee trinke, zieht sich diese zombieartige Parallelwelt meistens bis etwa neun Uhr hin, bevor mein wahres Ich \u00fcbernimmt. Hihi. <\/strong><\/p>\n<p style=\"text-align: justify;\">Liah: Welcher ist dein Lieblingsfilm?<\/p>\n<p style=\"text-align: justify; padding-left: 30px;\"><strong>Marc: Hm \u2026 das kann ich dir gar nicht so einfach beantworten. Ein Film aus meiner Kindheit, das w\u00e4re dann \u201aDer K\u00f6nig der L\u00f6wen\u2018. Ein Actionfilm, dann w\u00e4re das \u201aSalt\u2018. Im Genre Fantasy kommen mir die Twilight-Saga oder die Harry Potter-Filme in den Sinn. Du siehst, ich habe viele Lieblingsfilme. <\/strong><\/p>\n<p style=\"text-align: justify;\">Liah: Glaubst du an die gro\u00dfe Liebe?<\/p>\n<p style=\"text-align: justify; padding-left: 30px;\"><strong>Marc: Auf jeden Fall. Ich glaube zwar nicht an die Liebe auf den ersten Blick, sondern denke, dass Liebe \u00fcber die Zeit w\u00e4chst und st\u00e4rker wird. \u00dcberwindet man zusammen H\u00f6hen und Tiefen w\u00e4chst man zusammen und wird ein B\u00fcndnis, das so leicht niemand auseinanderbrechen kann. \u00a0<\/strong><\/p>\n<p style=\"text-align: justify;\">Liah: Kannst du kochen?<\/p>\n<p style=\"text-align: justify; padding-left: 30px;\"><strong>Marc: Ja, das kann ich und mache ich gerne. Mein Mann beschwert sich jedoch, dass es immer das Gleiche g\u00e4be, aber dem wiederspreche ich vehement. Bzw. an einem Abend nach einem langen Arbeitstag habe ich nicht noch Kraft und Lust ihm ein Vierg\u00e4nger hinzuzaubern. Aber wenn ich Zeit habe, mache ich das sehr gerne. Nur halte ich mich nie an Rezepte, sondern improvisiere sehr viel. Backen tu ich auch gerne, habe erst letztes WE Weihnachtsguetzli (Platzerl, Kekse) gebacken. <\/strong><\/p>\n<p style=\"text-align: justify;\">Liah: Was macht dir am meisten Angst?<\/p>\n<p style=\"text-align: justify; padding-left: 30px;\"><strong>Marc: Spinnen. Diese schrecklichen, seelenlosen Gesch\u00f6pfe \u2013 ausgespuckt von der H\u00f6lle selbst \u2013 lassen mich kreischend das Weite suchen. Hihi. <\/strong><\/p>\n<p style=\"text-align: justify;\">Isi: Wie gehst du damit um, immer noch einer Randgruppe \u2013 so absurd es auch erscheinen mag! \u2013 anzugeh\u00f6ren?<\/p>\n<p style=\"text-align: justify; padding-left: 30px;\"><strong>Marc: Du sprichst auf dieses magische und riesige Universum voller schwuler B\u00fccher an, die allesamt von Heterofrauen geschrieben und gelesen werden? Oder? Da bin ich eine Randgruppe, da hast du Recht. Hihi. <\/strong><\/p>\n<p style=\"text-align: justify; padding-left: 30px;\"><strong>Ich wei\u00df nat\u00fcrlich ganz genau, was du meinst. Ganz ehrlich? Bisher habe ich in meinem Leben wenig Anfeindung und Ausgrenzung erfahren. Das stimmt mich zuversichtlich. Meine KollegInnen auf der Arbeit, meine Familie und meine Freunde wissen es. Probleme hat es \u2013 knock wood \u2013 nur wenige gegeben. Trotzdem ist es beim Antritt jeder neuen Arbeitsstelle ein Balanceakt, der mit Unsicherheit verbunden ist. Dass man sich immer wieder Gedanken machen muss, wie nun das Gegen\u00fcber darauf reagiert, ist bedr\u00fcckend. Wenn ich h\u00f6re, was Schwule und Lesben in anderen L\u00e4ndern durchmachen, m\u00fcssen wir dankbar sein, in der Schweiz zu wohnen. Dennoch hoffe ich, dass wir in Zukunft noch besser in die Gesellschaft integriert sein werden und die gleichen Rechte bekommen, wie heterosexuelle B\u00fcrger. Trotz meiner Homosexualit\u00e4t lebe ich mein Leben genauso \u2013 mit Ausnahme von Kindern \u2013 wie ich es mir vorstelle. Wir m\u00fcssen uns nicht verstecken oder verstellen, bereisen die Welt, lieben unsere B\u00fcsi (Katzen) und haben uns ein gemeinsames Leben aufgebaut. <\/strong><\/p>\n<p style=\"text-align: justify;\"><strong>\u00a0<\/strong><\/p>\n<p style=\"text-align: justify;\">Dodo: Haben deine Lehrer in der Schule bereits dein Talent erkannt? Welche Noten hattest du in Aufs\u00e4tzen?<\/p>\n<p style=\"text-align: justify; padding-left: 30px;\"><strong>Marc: Mein Talent? Zum Schreiben? Ganz ehrlich: Ich war eine Niete. Erstens kann ich nicht unter Zeitdruck schreiben und zweitens war meine Rechtschreibung noch katastrophaler, als sie heute ist. Hihi. Meistens hatte ich 4.5er \u2013 aber Achtung, in der Schweiz ist die 6 die h\u00f6chste Note. <\/strong><\/p>\n<p style=\"text-align: justify; padding-left: 30px;\"><strong>\u00a0<\/strong><\/p>\n","protected":false},"excerpt":{"rendered":"<p>Quetsch den Marc: Gro\u00dfes Autoreninterview (die Antworten) Ich danke euch allen, dass ihr an diesem Interview teilgenommen habt und mir so viele tolle Fragen gestellt habt. Es hat sehr viel Spa\u00df gemacht, sie zu beantworten und ich hoffe, dass ihr einige neue Dinge \u00fcber mich erfahren k\u00f6nnt. Danke f\u00fcr ein &#8230; <\/p>\n<p class=\"read-more-container\"><a title=\"Quetsch den Marc: Gro\u00dfes Autoreninterview (die Antworten)\" class=\"read-more button\" href=\"https:\/\/www.marc-weiherhof.ch\/blog\/quetsch-den-marc-grosses-autoreninterview-die-antworten\/#more-3621\" aria-label=\"Mehr Informationen \u00fcber Quetsch den Marc: Gro\u00dfes Autoreninterview (die Antworten)\">Jetzt weiterlesen<\/a><\/p>\n","protected":false},"author":3,"featured_media":3560,"comment_status":"open","ping_status":"closed","sticky":false,"template":"","format":"standard","meta":{"footnotes":""},"categories":[240],"tags":[],"class_list":["post-3621","post","type-post","status-publish","format-standard","has-post-thumbnail","hentry","category-interviews","infinite-scroll-item","masonry-post","generate-columns","tablet-grid-50","mobile-grid-100","grid-parent","grid-50","resize-featured-image"],"yoast_head":"<!-- This site is optimized with the Yoast SEO plugin v28.3 - https:\/\/yoast.com\/product\/yoast-seo-wordpress\/ -->\n<title>Quetsch den Marc: Gro\u00dfes Autoreninterview (die Antworten) - Marc Weiherhof Autor<\/title>\n<meta name=\"robots\" content=\"index, follow, max-snippet:-1, max-image-preview:large, max-video-preview:-1\" \/>\n<link rel=\"canonical\" href=\"https:\/\/www.marc-weiherhof.ch\/blog\/quetsch-den-marc-grosses-autoreninterview-die-antworten\/\" \/>\n<meta property=\"og:locale\" content=\"de_DE\" \/>\n<meta property=\"og:type\" content=\"article\" \/>\n<meta property=\"og:title\" content=\"Quetsch den Marc: Gro\u00dfes Autoreninterview (die Antworten) - Marc Weiherhof Autor\" \/>\n<meta property=\"og:description\" content=\"Quetsch den Marc: Gro\u00dfes Autoreninterview (die Antworten) Ich danke euch allen, dass ihr an diesem Interview teilgenommen habt und mir so viele tolle Fragen gestellt habt. Es hat sehr viel Spa\u00df gemacht, sie zu beantworten und ich hoffe, dass ihr einige neue Dinge \u00fcber mich erfahren k\u00f6nnt. Danke f\u00fcr ein ... Jetzt weiterlesen\" \/>\n<meta property=\"og:url\" content=\"https:\/\/www.marc-weiherhof.ch\/blog\/quetsch-den-marc-grosses-autoreninterview-die-antworten\/\" \/>\n<meta property=\"og:site_name\" content=\"Marc Weiherhof Autor\" \/>\n<meta property=\"article:publisher\" content=\"http:\/\/www.facebook.com\/marc.weiherhof\" \/>\n<meta property=\"article:author\" content=\"https:\/\/www.facebook.com\/marc.weiherhof\" \/>\n<meta property=\"article:published_time\" content=\"2015-12-01T19:00:03+00:00\" \/>\n<meta property=\"article:modified_time\" content=\"2017-09-08T19:50:14+00:00\" \/>\n<meta property=\"og:image\" content=\"https:\/\/www.marc-weiherhof.ch\/blog\/wp-content\/uploads\/marcinside.png\" \/>\n\t<meta property=\"og:image:width\" content=\"900\" \/>\n\t<meta property=\"og:image:height\" content=\"809\" \/>\n\t<meta property=\"og:image:type\" content=\"image\/png\" \/>\n<meta name=\"author\" content=\"Marc Weiherhof\" \/>\n<meta name=\"twitter:label1\" content=\"Verfasst von\" \/>\n\t<meta name=\"twitter:data1\" content=\"Marc Weiherhof\" \/>\n\t<meta name=\"twitter:label2\" content=\"Gesch\u00e4tzte Lesezeit\" \/>\n\t<meta name=\"twitter:data2\" content=\"14\u00a0Minuten\" \/>\n<script type=\"application\/ld+json\" class=\"yoast-schema-graph\">{\"@context\":\"https:\\\/\\\/schema.org\",\"@graph\":[{\"@type\":\"Article\",\"@id\":\"https:\\\/\\\/www.marc-weiherhof.ch\\\/blog\\\/quetsch-den-marc-grosses-autoreninterview-die-antworten\\\/#article\",\"isPartOf\":{\"@id\":\"https:\\\/\\\/www.marc-weiherhof.ch\\\/blog\\\/quetsch-den-marc-grosses-autoreninterview-die-antworten\\\/\"},\"author\":{\"name\":\"Marc Weiherhof\",\"@id\":\"https:\\\/\\\/www.marc-weiherhof.ch\\\/blog\\\/#\\\/schema\\\/person\\\/efe613c8b4da60b509787ec90562f920\"},\"headline\":\"Quetsch den Marc: Gro\u00dfes Autoreninterview (die Antworten)\",\"datePublished\":\"2015-12-01T19:00:03+00:00\",\"dateModified\":\"2017-09-08T19:50:14+00:00\",\"mainEntityOfPage\":{\"@id\":\"https:\\\/\\\/www.marc-weiherhof.ch\\\/blog\\\/quetsch-den-marc-grosses-autoreninterview-die-antworten\\\/\"},\"wordCount\":2904,\"commentCount\":5,\"publisher\":{\"@id\":\"https:\\\/\\\/www.marc-weiherhof.ch\\\/blog\\\/#organization\"},\"image\":{\"@id\":\"https:\\\/\\\/www.marc-weiherhof.ch\\\/blog\\\/quetsch-den-marc-grosses-autoreninterview-die-antworten\\\/#primaryimage\"},\"thumbnailUrl\":\"https:\\\/\\\/www.marc-weiherhof.ch\\\/blog\\\/wp-content\\\/uploads\\\/marcinside.png\",\"articleSection\":[\"Lesungen\"],\"inLanguage\":\"de\"},{\"@type\":\"WebPage\",\"@id\":\"https:\\\/\\\/www.marc-weiherhof.ch\\\/blog\\\/quetsch-den-marc-grosses-autoreninterview-die-antworten\\\/\",\"url\":\"https:\\\/\\\/www.marc-weiherhof.ch\\\/blog\\\/quetsch-den-marc-grosses-autoreninterview-die-antworten\\\/\",\"name\":\"Quetsch den Marc: Gro\u00dfes Autoreninterview (die Antworten) - Marc Weiherhof Autor\",\"isPartOf\":{\"@id\":\"https:\\\/\\\/www.marc-weiherhof.ch\\\/blog\\\/#website\"},\"primaryImageOfPage\":{\"@id\":\"https:\\\/\\\/www.marc-weiherhof.ch\\\/blog\\\/quetsch-den-marc-grosses-autoreninterview-die-antworten\\\/#primaryimage\"},\"image\":{\"@id\":\"https:\\\/\\\/www.marc-weiherhof.ch\\\/blog\\\/quetsch-den-marc-grosses-autoreninterview-die-antworten\\\/#primaryimage\"},\"thumbnailUrl\":\"https:\\\/\\\/www.marc-weiherhof.ch\\\/blog\\\/wp-content\\\/uploads\\\/marcinside.png\",\"datePublished\":\"2015-12-01T19:00:03+00:00\",\"dateModified\":\"2017-09-08T19:50:14+00:00\",\"breadcrumb\":{\"@id\":\"https:\\\/\\\/www.marc-weiherhof.ch\\\/blog\\\/quetsch-den-marc-grosses-autoreninterview-die-antworten\\\/#breadcrumb\"},\"inLanguage\":\"de\",\"potentialAction\":[{\"@type\":\"ReadAction\",\"target\":[\"https:\\\/\\\/www.marc-weiherhof.ch\\\/blog\\\/quetsch-den-marc-grosses-autoreninterview-die-antworten\\\/\"]}]},{\"@type\":\"ImageObject\",\"inLanguage\":\"de\",\"@id\":\"https:\\\/\\\/www.marc-weiherhof.ch\\\/blog\\\/quetsch-den-marc-grosses-autoreninterview-die-antworten\\\/#primaryimage\",\"url\":\"https:\\\/\\\/www.marc-weiherhof.ch\\\/blog\\\/wp-content\\\/uploads\\\/marcinside.png\",\"contentUrl\":\"https:\\\/\\\/www.marc-weiherhof.ch\\\/blog\\\/wp-content\\\/uploads\\\/marcinside.png\",\"width\":900,\"height\":809},{\"@type\":\"BreadcrumbList\",\"@id\":\"https:\\\/\\\/www.marc-weiherhof.ch\\\/blog\\\/quetsch-den-marc-grosses-autoreninterview-die-antworten\\\/#breadcrumb\",\"itemListElement\":[{\"@type\":\"ListItem\",\"position\":1,\"name\":\"Marc Weiherhofs Blog\",\"item\":\"https:\\\/\\\/www.marc-weiherhof.ch\\\/blog\\\/\"},{\"@type\":\"ListItem\",\"position\":2,\"name\":\"Lesungen\",\"item\":\"https:\\\/\\\/www.marc-weiherhof.ch\\\/blog\\\/interviews\\\/\"},{\"@type\":\"ListItem\",\"position\":3,\"name\":\"Quetsch den Marc: Gro\u00dfes Autoreninterview (die Antworten)\"}]},{\"@type\":\"WebSite\",\"@id\":\"https:\\\/\\\/www.marc-weiherhof.ch\\\/blog\\\/#website\",\"url\":\"https:\\\/\\\/www.marc-weiherhof.ch\\\/blog\\\/\",\"name\":\"Marc Weiherhof MM Romance Autor\",\"description\":\"Homo-Romane, schwule Literatur, queer, schwul, Autor, Gay-Genre, Marc Weiherhof, Homo-B\u00fccher, Gay Romance, Autor, MM Romance\",\"publisher\":{\"@id\":\"https:\\\/\\\/www.marc-weiherhof.ch\\\/blog\\\/#organization\"},\"potentialAction\":[{\"@type\":\"SearchAction\",\"target\":{\"@type\":\"EntryPoint\",\"urlTemplate\":\"https:\\\/\\\/www.marc-weiherhof.ch\\\/blog\\\/?s={search_term_string}\"},\"query-input\":{\"@type\":\"PropertyValueSpecification\",\"valueRequired\":true,\"valueName\":\"search_term_string\"}}],\"inLanguage\":\"de\"},{\"@type\":\"Organization\",\"@id\":\"https:\\\/\\\/www.marc-weiherhof.ch\\\/blog\\\/#organization\",\"name\":\"Marc Weiherhof\",\"url\":\"https:\\\/\\\/www.marc-weiherhof.ch\\\/blog\\\/\",\"logo\":{\"@type\":\"ImageObject\",\"inLanguage\":\"de\",\"@id\":\"https:\\\/\\\/www.marc-weiherhof.ch\\\/blog\\\/#\\\/schema\\\/logo\\\/image\\\/\",\"url\":\"https:\\\/\\\/www.marc-weiherhof.ch\\\/blog\\\/wp-content\\\/uploads\\\/MW-Logo-unten.svg\",\"contentUrl\":\"https:\\\/\\\/www.marc-weiherhof.ch\\\/blog\\\/wp-content\\\/uploads\\\/MW-Logo-unten.svg\",\"width\":1,\"height\":1,\"caption\":\"Marc Weiherhof\"},\"image\":{\"@id\":\"https:\\\/\\\/www.marc-weiherhof.ch\\\/blog\\\/#\\\/schema\\\/logo\\\/image\\\/\"},\"sameAs\":[\"http:\\\/\\\/www.facebook.com\\\/marc.weiherhof\",\"https:\\\/\\\/www.instagram.com\\\/marcweiherhofautor\\\/\"]},{\"@type\":\"Person\",\"@id\":\"https:\\\/\\\/www.marc-weiherhof.ch\\\/blog\\\/#\\\/schema\\\/person\\\/efe613c8b4da60b509787ec90562f920\",\"name\":\"Marc Weiherhof\",\"image\":{\"@type\":\"ImageObject\",\"inLanguage\":\"de\",\"@id\":\"https:\\\/\\\/www.marc-weiherhof.ch\\\/blog\\\/wp-content\\\/litespeed\\\/avatar\\\/ffc01752bd543d36156cb3471b054f88.jpg?ver=1788278498\",\"url\":\"https:\\\/\\\/www.marc-weiherhof.ch\\\/blog\\\/wp-content\\\/litespeed\\\/avatar\\\/ffc01752bd543d36156cb3471b054f88.jpg?ver=1788278498\",\"contentUrl\":\"https:\\\/\\\/www.marc-weiherhof.ch\\\/blog\\\/wp-content\\\/litespeed\\\/avatar\\\/ffc01752bd543d36156cb3471b054f88.jpg?ver=1788278498\",\"caption\":\"Marc Weiherhof\"},\"description\":\"Ich he\u00dfe Marc Weiherhof und bin Autor von actionreichen Romanen mit homosexuellem Inhalt und schwulen Protagonisten ...\",\"sameAs\":[\"http:\\\/\\\/www.marc-weiherhof.ch\",\"https:\\\/\\\/www.facebook.com\\\/marc.weiherhof\",\"https:\\\/\\\/x.com\\\/https:\\\/\\\/www.twitter.com\\\/marcweiherhof\",\"https:\\\/\\\/www.youtube.com\\\/user\\\/weiherhofmarc\"]}]}<\/script>\n<!-- \/ Yoast SEO plugin. -->","yoast_head_json":{"title":"Quetsch den Marc: Gro\u00dfes Autoreninterview (die Antworten) - Marc Weiherhof Autor","robots":{"index":"index","follow":"follow","max-snippet":"max-snippet:-1","max-image-preview":"max-image-preview:large","max-video-preview":"max-video-preview:-1"},"canonical":"https:\/\/www.marc-weiherhof.ch\/blog\/quetsch-den-marc-grosses-autoreninterview-die-antworten\/","og_locale":"de_DE","og_type":"article","og_title":"Quetsch den Marc: Gro\u00dfes Autoreninterview (die Antworten) - Marc Weiherhof Autor","og_description":"Quetsch den Marc: Gro\u00dfes Autoreninterview (die Antworten) Ich danke euch allen, dass ihr an diesem Interview teilgenommen habt und mir so viele tolle Fragen gestellt habt. Es hat sehr viel Spa\u00df gemacht, sie zu beantworten und ich hoffe, dass ihr einige neue Dinge \u00fcber mich erfahren k\u00f6nnt. Danke f\u00fcr ein ... Jetzt weiterlesen","og_url":"https:\/\/www.marc-weiherhof.ch\/blog\/quetsch-den-marc-grosses-autoreninterview-die-antworten\/","og_site_name":"Marc Weiherhof Autor","article_publisher":"http:\/\/www.facebook.com\/marc.weiherhof","article_author":"https:\/\/www.facebook.com\/marc.weiherhof","article_published_time":"2015-12-01T19:00:03+00:00","article_modified_time":"2017-09-08T19:50:14+00:00","og_image":[{"width":900,"height":809,"url":"https:\/\/www.marc-weiherhof.ch\/blog\/wp-content\/uploads\/marcinside.png","type":"image\/png"}],"author":"Marc Weiherhof","twitter_misc":{"Verfasst von":"Marc Weiherhof","Gesch\u00e4tzte Lesezeit":"14\u00a0Minuten"},"schema":{"@context":"https:\/\/schema.org","@graph":[{"@type":"Article","@id":"https:\/\/www.marc-weiherhof.ch\/blog\/quetsch-den-marc-grosses-autoreninterview-die-antworten\/#article","isPartOf":{"@id":"https:\/\/www.marc-weiherhof.ch\/blog\/quetsch-den-marc-grosses-autoreninterview-die-antworten\/"},"author":{"name":"Marc Weiherhof","@id":"https:\/\/www.marc-weiherhof.ch\/blog\/#\/schema\/person\/efe613c8b4da60b509787ec90562f920"},"headline":"Quetsch den Marc: Gro\u00dfes Autoreninterview (die Antworten)","datePublished":"2015-12-01T19:00:03+00:00","dateModified":"2017-09-08T19:50:14+00:00","mainEntityOfPage":{"@id":"https:\/\/www.marc-weiherhof.ch\/blog\/quetsch-den-marc-grosses-autoreninterview-die-antworten\/"},"wordCount":2904,"commentCount":5,"publisher":{"@id":"https:\/\/www.marc-weiherhof.ch\/blog\/#organization"},"image":{"@id":"https:\/\/www.marc-weiherhof.ch\/blog\/quetsch-den-marc-grosses-autoreninterview-die-antworten\/#primaryimage"},"thumbnailUrl":"https:\/\/www.marc-weiherhof.ch\/blog\/wp-content\/uploads\/marcinside.png","articleSection":["Lesungen"],"inLanguage":"de"},{"@type":"WebPage","@id":"https:\/\/www.marc-weiherhof.ch\/blog\/quetsch-den-marc-grosses-autoreninterview-die-antworten\/","url":"https:\/\/www.marc-weiherhof.ch\/blog\/quetsch-den-marc-grosses-autoreninterview-die-antworten\/","name":"Quetsch den Marc: Gro\u00dfes Autoreninterview (die Antworten) - Marc Weiherhof Autor","isPartOf":{"@id":"https:\/\/www.marc-weiherhof.ch\/blog\/#website"},"primaryImageOfPage":{"@id":"https:\/\/www.marc-weiherhof.ch\/blog\/quetsch-den-marc-grosses-autoreninterview-die-antworten\/#primaryimage"},"image":{"@id":"https:\/\/www.marc-weiherhof.ch\/blog\/quetsch-den-marc-grosses-autoreninterview-die-antworten\/#primaryimage"},"thumbnailUrl":"https:\/\/www.marc-weiherhof.ch\/blog\/wp-content\/uploads\/marcinside.png","datePublished":"2015-12-01T19:00:03+00:00","dateModified":"2017-09-08T19:50:14+00:00","breadcrumb":{"@id":"https:\/\/www.marc-weiherhof.ch\/blog\/quetsch-den-marc-grosses-autoreninterview-die-antworten\/#breadcrumb"},"inLanguage":"de","potentialAction":[{"@type":"ReadAction","target":["https:\/\/www.marc-weiherhof.ch\/blog\/quetsch-den-marc-grosses-autoreninterview-die-antworten\/"]}]},{"@type":"ImageObject","inLanguage":"de","@id":"https:\/\/www.marc-weiherhof.ch\/blog\/quetsch-den-marc-grosses-autoreninterview-die-antworten\/#primaryimage","url":"https:\/\/www.marc-weiherhof.ch\/blog\/wp-content\/uploads\/marcinside.png","contentUrl":"https:\/\/www.marc-weiherhof.ch\/blog\/wp-content\/uploads\/marcinside.png","width":900,"height":809},{"@type":"BreadcrumbList","@id":"https:\/\/www.marc-weiherhof.ch\/blog\/quetsch-den-marc-grosses-autoreninterview-die-antworten\/#breadcrumb","itemListElement":[{"@type":"ListItem","position":1,"name":"Marc Weiherhofs Blog","item":"https:\/\/www.marc-weiherhof.ch\/blog\/"},{"@type":"ListItem","position":2,"name":"Lesungen","item":"https:\/\/www.marc-weiherhof.ch\/blog\/interviews\/"},{"@type":"ListItem","position":3,"name":"Quetsch den Marc: Gro\u00dfes Autoreninterview (die Antworten)"}]},{"@type":"WebSite","@id":"https:\/\/www.marc-weiherhof.ch\/blog\/#website","url":"https:\/\/www.marc-weiherhof.ch\/blog\/","name":"Marc Weiherhof MM Romance Autor","description":"Homo-Romane, schwule Literatur, queer, schwul, Autor, Gay-Genre, Marc Weiherhof, Homo-B\u00fccher, Gay Romance, Autor, MM Romance","publisher":{"@id":"https:\/\/www.marc-weiherhof.ch\/blog\/#organization"},"potentialAction":[{"@type":"SearchAction","target":{"@type":"EntryPoint","urlTemplate":"https:\/\/www.marc-weiherhof.ch\/blog\/?s={search_term_string}"},"query-input":{"@type":"PropertyValueSpecification","valueRequired":true,"valueName":"search_term_string"}}],"inLanguage":"de"},{"@type":"Organization","@id":"https:\/\/www.marc-weiherhof.ch\/blog\/#organization","name":"Marc Weiherhof","url":"https:\/\/www.marc-weiherhof.ch\/blog\/","logo":{"@type":"ImageObject","inLanguage":"de","@id":"https:\/\/www.marc-weiherhof.ch\/blog\/#\/schema\/logo\/image\/","url":"https:\/\/www.marc-weiherhof.ch\/blog\/wp-content\/uploads\/MW-Logo-unten.svg","contentUrl":"https:\/\/www.marc-weiherhof.ch\/blog\/wp-content\/uploads\/MW-Logo-unten.svg","width":1,"height":1,"caption":"Marc Weiherhof"},"image":{"@id":"https:\/\/www.marc-weiherhof.ch\/blog\/#\/schema\/logo\/image\/"},"sameAs":["http:\/\/www.facebook.com\/marc.weiherhof","https:\/\/www.instagram.com\/marcweiherhofautor\/"]},{"@type":"Person","@id":"https:\/\/www.marc-weiherhof.ch\/blog\/#\/schema\/person\/efe613c8b4da60b509787ec90562f920","name":"Marc Weiherhof","image":{"@type":"ImageObject","inLanguage":"de","@id":"https:\/\/www.marc-weiherhof.ch\/blog\/wp-content\/litespeed\/avatar\/ffc01752bd543d36156cb3471b054f88.jpg?ver=1788278498","url":"https:\/\/www.marc-weiherhof.ch\/blog\/wp-content\/litespeed\/avatar\/ffc01752bd543d36156cb3471b054f88.jpg?ver=1788278498","contentUrl":"https:\/\/www.marc-weiherhof.ch\/blog\/wp-content\/litespeed\/avatar\/ffc01752bd543d36156cb3471b054f88.jpg?ver=1788278498","caption":"Marc Weiherhof"},"description":"Ich he\u00dfe Marc Weiherhof und bin Autor von actionreichen Romanen mit homosexuellem Inhalt und schwulen Protagonisten ...","sameAs":["http:\/\/www.marc-weiherhof.ch","https:\/\/www.facebook.com\/marc.weiherhof","https:\/\/x.com\/https:\/\/www.twitter.com\/marcweiherhof","https:\/\/www.youtube.com\/user\/weiherhofmarc"]}]}},"_links":{"self":[{"href":"https:\/\/www.marc-weiherhof.ch\/blog\/wp-json\/wp\/v2\/posts\/3621","targetHints":{"allow":["GET"]}}],"collection":[{"href":"https:\/\/www.marc-weiherhof.ch\/blog\/wp-json\/wp\/v2\/posts"}],"about":[{"href":"https:\/\/www.marc-weiherhof.ch\/blog\/wp-json\/wp\/v2\/types\/post"}],"author":[{"embeddable":true,"href":"https:\/\/www.marc-weiherhof.ch\/blog\/wp-json\/wp\/v2\/users\/3"}],"replies":[{"embeddable":true,"href":"https:\/\/www.marc-weiherhof.ch\/blog\/wp-json\/wp\/v2\/comments?post=3621"}],"version-history":[{"count":0,"href":"https:\/\/www.marc-weiherhof.ch\/blog\/wp-json\/wp\/v2\/posts\/3621\/revisions"}],"wp:featuredmedia":[{"embeddable":true,"href":"https:\/\/www.marc-weiherhof.ch\/blog\/wp-json\/wp\/v2\/media\/3560"}],"wp:attachment":[{"href":"https:\/\/www.marc-weiherhof.ch\/blog\/wp-json\/wp\/v2\/media?parent=3621"}],"wp:term":[{"taxonomy":"category","embeddable":true,"href":"https:\/\/www.marc-weiherhof.ch\/blog\/wp-json\/wp\/v2\/categories?post=3621"},{"taxonomy":"post_tag","embeddable":true,"href":"https:\/\/www.marc-weiherhof.ch\/blog\/wp-json\/wp\/v2\/tags?post=3621"}],"curies":[{"name":"wp","href":"https:\/\/api.w.org\/{rel}","templated":true}]}}